{"id":1758,"date":"2024-07-23T13:37:00","date_gmt":"2024-07-23T11:37:00","guid":{"rendered":"https:\/\/fs-psychologie.stura.uni-heidelberg.de\/path\/to\/wordpress\/?p=1758"},"modified":"2024-08-17T20:46:46","modified_gmt":"2024-08-17T18:46:46","slug":"blackbox-neue-ausgabe","status":"publish","type":"post","link":"https:\/\/fs-psychologie.stura.uni-heidelberg.de\/path\/to\/wordpress\/2024\/07\/blackbox-neue-ausgabe\/","title":{"rendered":"BlackBox \u2013 NEUE AUSGABE"},"content":{"rendered":"<p>Liebe Psychos,<\/p>\n<p>manche von euch kennen vielleicht bereits die optische T\u00e4uschung des Necker-W\u00fcrfels aus der ein oder anderen Veranstaltung.<\/p>\n<p>Bei dieser Darstellung sieht man den W\u00fcrfel entweder von oben oder von unten, jedoch nicht bei des gleichzeitig. Dieses Ph\u00e4nomen wird in der Wahrnehmungspsychologie als bi-stabiler Stimulus bezeichnet.<\/p>\n<p><img loading=\"lazy\" decoding=\"async\" class=\"aligncenter size-full wp-image-1763\" src=\"https:\/\/fs-psychologie.stura.uni-heidelberg.de\/wp-content\/uploads\/2024\/08\/grafik-4.png\" alt=\"\" width=\"197\" height=\"144\" srcset=\"https:\/\/fs-psychologie.stura.uni-heidelberg.de\/wp-content\/uploads\/2024\/08\/grafik-4.png 197w, https:\/\/fs-psychologie.stura.uni-heidelberg.de\/wp-content\/uploads\/2024\/08\/grafik-4-100x73.png 100w\" sizes=\"auto, (max-width: 197px) 100vw, 197px\" \/><\/p>\n<p>Der Necker-W\u00fcrfel ist somit ein hervorragendes Beispiel daf\u00fcr, dass unsere Wahrnehmung auch von der Perspektive abh\u00e4ngt, die wir einnehmen.<\/p>\n<p>Oftmals ist es notwendig, unseren Blickwinkel zu \u00e4ndern, um ein vollst\u00e4ndiges Verst\u00e4ndnis zu erlangen. Diese Erkenntnis l\u00e4sst sich aber nat\u00fcrlich nicht nur auf die Wahrnehmung von Formen und Bildern anwenden, sondern auch auf viele andere Bereiche unseres Lebens und Studiums.<\/p>\n<p>In unserer diesj\u00e4hrigen Sommerausgabe haben wir deswegen viele spannende Beitr\u00e4ge zusammengestellt, die sich auf unterschiedliche Weise mit dem Thema Perspektiven auseinandersetzen und Impulse f\u00fcr neue, bereichernde Blickwinkel geben.<\/p>\n<p>Wir freuen uns deswegen, euch hiermit die <a href=\"https:\/\/fs-psychologie.stura.uni-heidelberg.de\/wp-content\/uploads\/2024\/02\/8_BLACKBOX_WS2023-24.pdf\">neunte Ausgabe<\/a> der <a href=\"https:\/\/fs-psychologie.stura.uni-heidelberg.de\/path\/to\/wordpress\/blackbox\/\">BlackBox<\/a> pr\u00e4sentieren zu k\u00f6nnen. Viel Spa\u00df beim Lesen!<\/p>\n\n\n<p><\/p>\n","protected":false},"excerpt":{"rendered":"<p>Liebe Psychos, manche von euch kennen vielleicht bereits die optische T\u00e4uschung des Necker-W\u00fcrfels aus der ein oder anderen Veranstaltung. Bei dieser Darstellung sieht man den W\u00fcrfel entweder von oben oder von unten, jedoch nicht bei des gleichzeitig. Dieses Ph\u00e4nomen wird [&hellip;]<\/p>\n","protected":false},"author":1,"featured_media":0,"comment_status":"open","ping_status":"open","sticky":false,"template":"","format":"standard","meta":{"footnotes":""},"categories":[2,45],"tags":[],"class_list":["post-1758","post","type-post","status-publish","format-standard","hentry","category-aktuelles","category-blackbox","clearfix"],"_links":{"self":[{"href":"https:\/\/fs-psychologie.stura.uni-heidelberg.de\/path\/to\/wordpress\/wp-json\/wp\/v2\/posts\/1758","targetHints":{"allow":["GET"]}}],"collection":[{"href":"https:\/\/fs-psychologie.stura.uni-heidelberg.de\/path\/to\/wordpress\/wp-json\/wp\/v2\/posts"}],"about":[{"href":"https:\/\/fs-psychologie.stura.uni-heidelberg.de\/path\/to\/wordpress\/wp-json\/wp\/v2\/types\/post"}],"author":[{"embeddable":true,"href":"https:\/\/fs-psychologie.stura.uni-heidelberg.de\/path\/to\/wordpress\/wp-json\/wp\/v2\/users\/1"}],"replies":[{"embeddable":true,"href":"https:\/\/fs-psychologie.stura.uni-heidelberg.de\/path\/to\/wordpress\/wp-json\/wp\/v2\/comments?post=1758"}],"version-history":[{"count":1,"href":"https:\/\/fs-psychologie.stura.uni-heidelberg.de\/path\/to\/wordpress\/wp-json\/wp\/v2\/posts\/1758\/revisions"}],"predecessor-version":[{"id":1764,"href":"https:\/\/fs-psychologie.stura.uni-heidelberg.de\/path\/to\/wordpress\/wp-json\/wp\/v2\/posts\/1758\/revisions\/1764"}],"wp:attachment":[{"href":"https:\/\/fs-psychologie.stura.uni-heidelberg.de\/path\/to\/wordpress\/wp-json\/wp\/v2\/media?parent=1758"}],"wp:term":[{"taxonomy":"category","embeddable":true,"href":"https:\/\/fs-psychologie.stura.uni-heidelberg.de\/path\/to\/wordpress\/wp-json\/wp\/v2\/categories?post=1758"},{"taxonomy":"post_tag","embeddable":true,"href":"https:\/\/fs-psychologie.stura.uni-heidelberg.de\/path\/to\/wordpress\/wp-json\/wp\/v2\/tags?post=1758"}],"curies":[{"name":"wp","href":"https:\/\/api.w.org\/{rel}","templated":true}]}}